{"id":2695,"date":"2018-06-12T18:16:45","date_gmt":"2018-06-12T16:16:45","guid":{"rendered":"http:\/\/werkstattbigband.de\/?p=2695"},"modified":"2018-06-14T18:27:33","modified_gmt":"2018-06-14T16:27:33","slug":"focus-on-vocals","status":"publish","type":"post","link":"https:\/\/werkstattbigband.de\/?p=2695","title":{"rendered":"Focus on Vocals"},"content":{"rendered":"<p>Das offizielle Abschlusskonzert des Sommersemester 2018 spielen wir am 23.06.2018 um 19:30 Uhr im Konzertsaal der HfM Dresden und laden dazu ganz herzlich jede\/jeden ein. Zusammen mit der Vocalgroup <a href=\"http:\/\/www.blendedofficial.com\/\">Blended<\/a> widmen wir uns dem Gesang im Jazz der letzten 80 Jahre. Viele gro\u00dfe S\u00e4ngerinnen und S\u00e4nger standen mit einer Bigband auf der B\u00fchne: Frank Sinatra, Ella Fitzgerald oder auch aktuelle Musiker aus dem Popbereich wie Robbie Williams und Lady Gaga zeigen eindrucksvoll, wie perfekt eine energiegeladene Formation wie die Bigband mit ihrem Gesang harmoniert.<\/p>\n<p>Karten zu 12,50\/7\u20ac gibt es wie immer bei <a href=\"https:\/\/www.reservix.de\/tickets-konzert-der-werkstatt-big-band-focus-on-vocals-in-dresden-hochschule-fuer-musik-konzertsaal-am-23-6-2018\/e1088309\">reservix.de<\/a> und an der Abendkasse.<\/p>\n","protected":false},"excerpt":{"rendered":"<p>Das offizielle Abschlusskonzert des Sommersemester 2018 spielen wir am 23.06.2018 um 19:30 Uhr im Konzertsaal der HfM Dresden und laden dazu ganz herzlich jede\/jeden ein. Zusammen mit der Vocalgroup Blended widmen wir uns dem Gesang im Jazz der letzten 80 &hellip; <a href=\"https:\/\/werkstattbigband.de\/?p=2695\">Weiterlesen <span class=\"meta-nav\">&rarr;<\/span><\/a><\/p>\n","protected":false},"author":7,"featured_media":0,"comment_status":"open","ping_status":"open","sticky":false,"template":"","format":"standard","meta":{"ngg_post_thumbnail":0},"categories":[1],"tags":[],"_links":{"self":[{"href":"https:\/\/werkstattbigband.de\/index.php?rest_route=\/wp\/v2\/posts\/2695"}],"collection":[{"href":"https:\/\/werkstattbigband.de\/index.php?rest_route=\/wp\/v2\/posts"}],"about":[{"href":"https:\/\/werkstattbigband.de\/index.php?rest_route=\/wp\/v2\/types\/post"}],"author":[{"embeddable":true,"href":"https:\/\/werkstattbigband.de\/index.php?rest_route=\/wp\/v2\/users\/7"}],"replies":[{"embeddable":true,"href":"https:\/\/werkstattbigband.de\/index.php?rest_route=%2Fwp%2Fv2%2Fcomments&post=2695"}],"version-history":[{"count":4,"href":"https:\/\/werkstattbigband.de\/index.php?rest_route=\/wp\/v2\/posts\/2695\/revisions"}],"predecessor-version":[{"id":2706,"href":"https:\/\/werkstattbigband.de\/index.php?rest_route=\/wp\/v2\/posts\/2695\/revisions\/2706"}],"wp:attachment":[{"href":"https:\/\/werkstattbigband.de\/index.php?rest_route=%2Fwp%2Fv2%2Fmedia&parent=2695"}],"wp:term":[{"taxonomy":"category","embeddable":true,"href":"https:\/\/werkstattbigband.de\/index.php?rest_route=%2Fwp%2Fv2%2Fcategories&post=2695"},{"taxonomy":"post_tag","embeddable":true,"href":"https:\/\/werkstattbigband.de\/index.php?rest_route=%2Fwp%2Fv2%2Ftags&post=2695"}],"curies":[{"name":"wp","href":"https:\/\/api.w.org\/{rel}","templated":true}]}}