{"id":2697,"date":"2018-06-14T18:26:07","date_gmt":"2018-06-14T16:26:07","guid":{"rendered":"http:\/\/werkstattbigband.de\/?p=2697"},"modified":"2018-06-14T18:26:07","modified_gmt":"2018-06-14T16:26:07","slug":"joint-concert","status":"publish","type":"post","link":"https:\/\/werkstattbigband.de\/?p=2697","title":{"rendered":"Joint Concert"},"content":{"rendered":"<p>Gemeinsam mit der <a href=\"https:\/\/www.facebook.com\/InterfakBigBand\/\">Interfak Big Band<\/a> aus Leuven (Belgien) wollen wir in die Sommerpause starten. Dazu spielen wir am 07.07.2018 ab 20 Uhr in der <a href=\"https:\/\/blauefabrik.de\">Blaue Fabrik.<\/a><\/p>\n<p>Karten wird es an der Abendkasse zu 5\u20ac geben. Bei sch\u00f6nem Wetter spielen wir nat\u00fcrlich drau\u00dfen. An das Konzert anschlie\u00dfend findet noch eine offene Jam Session statt.<\/p>\n<p><a href=\"http:\/\/werkstattbigband.de\/wp-content\/uploads\/2018\/06\/2018-WSBBIBB.png\"><img decoding=\"async\" loading=\"lazy\" class=\"alignnone wp-image-2700 size-medium\" src=\"http:\/\/werkstattbigband.de\/wp-content\/uploads\/2018\/06\/2018-WSBBIBB-212x300.png\" alt=\"\" width=\"212\" height=\"300\" srcset=\"https:\/\/werkstattbigband.de\/wp-content\/uploads\/2018\/06\/2018-WSBBIBB-212x300.png 212w, https:\/\/werkstattbigband.de\/wp-content\/uploads\/2018\/06\/2018-WSBBIBB-768x1087.png 768w, https:\/\/werkstattbigband.de\/wp-content\/uploads\/2018\/06\/2018-WSBBIBB-724x1024.png 724w, https:\/\/werkstattbigband.de\/wp-content\/uploads\/2018\/06\/2018-WSBBIBB.png 826w\" sizes=\"(max-width: 212px) 100vw, 212px\" \/><\/a><\/p>\n<p>&nbsp;<\/p>\n","protected":false},"excerpt":{"rendered":"<p>Gemeinsam mit der Interfak Big Band aus Leuven (Belgien) wollen wir in die Sommerpause starten. Dazu spielen wir am 07.07.2018 ab 20 Uhr in der Blaue Fabrik. Karten wird es an der Abendkasse zu 5\u20ac geben. Bei sch\u00f6nem Wetter spielen &hellip; <a href=\"https:\/\/werkstattbigband.de\/?p=2697\">Weiterlesen <span class=\"meta-nav\">&rarr;<\/span><\/a><\/p>\n","protected":false},"author":7,"featured_media":0,"comment_status":"open","ping_status":"open","sticky":false,"template":"","format":"standard","meta":{"ngg_post_thumbnail":0},"categories":[1],"tags":[],"_links":{"self":[{"href":"https:\/\/werkstattbigband.de\/index.php?rest_route=\/wp\/v2\/posts\/2697"}],"collection":[{"href":"https:\/\/werkstattbigband.de\/index.php?rest_route=\/wp\/v2\/posts"}],"about":[{"href":"https:\/\/werkstattbigband.de\/index.php?rest_route=\/wp\/v2\/types\/post"}],"author":[{"embeddable":true,"href":"https:\/\/werkstattbigband.de\/index.php?rest_route=\/wp\/v2\/users\/7"}],"replies":[{"embeddable":true,"href":"https:\/\/werkstattbigband.de\/index.php?rest_route=%2Fwp%2Fv2%2Fcomments&post=2697"}],"version-history":[{"count":4,"href":"https:\/\/werkstattbigband.de\/index.php?rest_route=\/wp\/v2\/posts\/2697\/revisions"}],"predecessor-version":[{"id":2704,"href":"https:\/\/werkstattbigband.de\/index.php?rest_route=\/wp\/v2\/posts\/2697\/revisions\/2704"}],"wp:attachment":[{"href":"https:\/\/werkstattbigband.de\/index.php?rest_route=%2Fwp%2Fv2%2Fmedia&parent=2697"}],"wp:term":[{"taxonomy":"category","embeddable":true,"href":"https:\/\/werkstattbigband.de\/index.php?rest_route=%2Fwp%2Fv2%2Fcategories&post=2697"},{"taxonomy":"post_tag","embeddable":true,"href":"https:\/\/werkstattbigband.de\/index.php?rest_route=%2Fwp%2Fv2%2Ftags&post=2697"}],"curies":[{"name":"wp","href":"https:\/\/api.w.org\/{rel}","templated":true}]}}